{"id":134921,"date":"2026-09-03T22:51:43","date_gmt":"2026-09-03T22:51:43","guid":{"rendered":"https:\/\/www.edicionesfranz.com\/?p=134921"},"modified":"2026-09-03T23:01:18","modified_gmt":"2026-09-03T23:01:18","slug":"las-plagas-sutiles-de-santiago-gutierrez-entre-los-diez-finalistas-al-premio-setenil-2026","status":"publish","type":"post","link":"https:\/\/www.edicionesfranz.com\/?p=134921","title":{"rendered":"\u00abLas plagas sutiles\u00bb, de Santiago Guti\u00e9rrez, entre los diez finalistas al Premio Setenil 2026"},"content":{"rendered":"<div class=\"wpb-content-wrapper\"><p>[vc_row unlock_row_content=\u00bbyes\u00bb row_height_percent=\u00bb0&#8243; override_padding=\u00bbyes\u00bb h_padding=\u00bb7&#8243; top_padding=\u00bb5&#8243; bottom_padding=\u00bb5&#8243; overlay_alpha=\u00bb50&#8243; equal_height=\u00bbyes\u00bb gutter_size=\u00bb0&#8243; column_width_percent=\u00bb100&#8243; shift_y=\u00bb0&#8243; z_index=\u00bb0&#8243; content_parallax=\u00bb0&#8243; uncode_shortcode_id=\u00bb178639&#8243; back_color_type=\u00bbuncode-solid\u00bb back_color_solid=\u00bb#e00000&#8243;][vc_column column_width_percent=\u00bb100&#8243; position_horizontal=\u00bbleft\u00bb position_vertical=\u00bbmiddle\u00bb gutter_size=\u00bb3&#8243; overlay_alpha=\u00bb50&#8243; shift_x=\u00bb0&#8243; shift_y=\u00bb0&#8243; shift_y_down=\u00bb0&#8243; z_index=\u00bb0&#8243; medium_width=\u00bb0&#8243; mobile_width=\u00bb0&#8243; width=\u00bb1\/1&#8243; uncode_shortcode_id=\u00bb562912&#8243;][vc_custom_heading text_color=\u00bbcolor-lxmt\u00bb heading_semantic=\u00bbh4&#8243; text_font=\u00bbfont-909954&#8243; text_size=\u00bbh4&#8243; text_weight=\u00bb500&#8243; uncode_shortcode_id=\u00bb996006&#8243; text_color_type=\u00bbuncode-palette\u00bb]<em>Las plagas sutiles,<\/em> de Santiago Guti\u00e9rrez, entre los diez finalistas al Premio Setenil 2026[\/vc_custom_heading][\/vc_column][\/vc_row][vc_row unlock_row_content=\u00bbyes\u00bb row_height_percent=\u00bb0&#8243; override_padding=\u00bbyes\u00bb h_padding=\u00bb0&#8243; top_padding=\u00bb0&#8243; bottom_padding=\u00bb0&#8243; overlay_alpha=\u00bb50&#8243; equal_height=\u00bbyes\u00bb gutter_size=\u00bb0&#8243; column_width_percent=\u00bb100&#8243; shift_y=\u00bb0&#8243; z_index=\u00bb0&#8243; uncode_shortcode_id=\u00bb856786&#8243;][vc_column column_width_percent=\u00bb100&#8243; gutter_size=\u00bb0&#8243; override_padding=\u00bbyes\u00bb column_padding=\u00bb0&#8243; back_color=\u00bbcolor-jevc\u00bb overlay_alpha=\u00bb50&#8243; shift_x=\u00bb0&#8243; shift_y=\u00bb0&#8243; shift_y_down=\u00bb0&#8243; z_index=\u00bb0&#8243; medium_width=\u00bb4&#8243; mobile_width=\u00bb0&#8243; zoom_width=\u00bb0&#8243; zoom_height=\u00bb0&#8243; width=\u00bb1\/2&#8243; mobile_height=\u00bb380&#8243; uncode_shortcode_id=\u00bb908985&#8243; back_color_type=\u00bbuncode-palette\u00bb][vc_single_image media=\u00bb134903&#8243; media_width_percent=\u00bb100&#8243; uncode_shortcode_id=\u00bb719703&#8243;][\/vc_column][vc_column column_width_use_pixel=\u00bbyes\u00bb position_horizontal=\u00bbleft\u00bb gutter_size=\u00bb3&#8243; override_padding=\u00bbyes\u00bb column_padding=\u00bb3&#8243; overlay_alpha=\u00bb50&#8243; shift_x=\u00bb0&#8243; shift_y=\u00bb0&#8243; shift_y_down=\u00bb0&#8243; z_index=\u00bb0&#8243; medium_width=\u00bb4&#8243; align_mobile=\u00bbalign_center_mobile\u00bb mobile_width=\u00bb0&#8243; zoom_width=\u00bb0&#8243; zoom_height=\u00bb0&#8243; width=\u00bb1\/2&#8243; uncode_shortcode_id=\u00bb184384&#8243; back_color_type=\u00bbuncode-solid\u00bb back_color_solid=\u00bb#f8f8fa\u00bb column_width_pixel=\u00bb700&#8243;][vc_custom_heading text_color=\u00bbcolor-jevc\u00bb heading_semantic=\u00bbh4&#8243; text_font=\u00bbfont-909954&#8243; text_size=\u00bbh4&#8243; uncode_shortcode_id=\u00bb148281&#8243; text_color_type=\u00bbuncode-palette\u00bb]Nuestro querido autor de <em>Las plagas sutiles,<\/em> Santiago Guti\u00e9rrez, ha sido seleccionado como finalista del Premio Setenil 2026 al Mejor Libro de Relatos. El certamen es el m\u00e1s prestigioso de Espa\u00f1a para un libro de cuentos ya publicado y esta es su 23\u00aa edici\u00f3n. Convocado por la Concejal\u00eda de Cultura del Ayuntamiento de Molina de Segura, suele recibir lo m\u00e1s granado que hayan publicado los cuentistas durante el a\u00f1o. Ya sab\u00e9is que Franz es la editorial m\u00e1s peque\u00f1a y t\u00edmida de Espa\u00f1a, por lo que el hecho de que Santiago se encuentre entre los diez m\u00e1s valorados \u2014son 108 obras las presentadas\u2014 dice mucho de la independencia y calidad literaria de este premio, amigos. El jurado lo va a presidir Juan Carlos M\u00e1rquez y le acompa\u00f1ar\u00e1n Inma Pelegr\u00edn, Basilio Pujante y Marta Zafrilla. Nos encanta compartir concurso con Ya lo dijo Casimiro Parker, Sloper, Polibea, P\u00e1ginas de Espuma, Calla Canalla, Comba, Edhasa y Random House.[\/vc_custom_heading][\/vc_column][\/vc_row]<\/p>\n<\/div>","protected":false},"excerpt":{"rendered":"<p>[vc_row unlock_row_content=\u00bbyes\u00bb row_height_percent=\u00bb0&#8243; override_padding=\u00bbyes\u00bb h_padding=\u00bb7&#8243; top_padding=\u00bb5&#8243; bottom_padding=\u00bb5&#8243; overlay_alpha=\u00bb50&#8243; equal_height=\u00bbyes\u00bb gutter_size=\u00bb0&#8243; column_width_percent=\u00bb100&#8243; shift_y=\u00bb0&#8243; z_index=\u00bb0&#8243; content_parallax=\u00bb0&#8243; uncode_shortcode_id=\u00bb178639&#8243; back_color_type=\u00bbuncode-solid\u00bb back_color_solid=\u00bb#e00000&#8243;][vc_column column_width_percent=\u00bb100&#8243; position_horizontal=\u00bbleft\u00bb position_vertical=\u00bbmiddle\u00bb [&hellip;]<\/p>\n","protected":false},"author":1,"featured_media":134903,"comment_status":"closed","ping_status":"open","sticky":false,"template":"","format":"standard","meta":{"footnotes":""},"categories":[244],"tags":[],"class_list":["post-134921","post","type-post","status-publish","format-standard","has-post-thumbnail","hentry","category-premios"],"_links":{"self":[{"href":"https:\/\/www.edicionesfranz.com\/index.php?rest_route=\/wp\/v2\/posts\/134921","targetHints":{"allow":["GET"]}}],"collection":[{"href":"https:\/\/www.edicionesfranz.com\/index.php?rest_route=\/wp\/v2\/posts"}],"about":[{"href":"https:\/\/www.edicionesfranz.com\/index.php?rest_route=\/wp\/v2\/types\/post"}],"author":[{"embeddable":true,"href":"https:\/\/www.edicionesfranz.com\/index.php?rest_route=\/wp\/v2\/users\/1"}],"replies":[{"embeddable":true,"href":"https:\/\/www.edicionesfranz.com\/index.php?rest_route=%2Fwp%2Fv2%2Fcomments&post=134921"}],"version-history":[{"count":5,"href":"https:\/\/www.edicionesfranz.com\/index.php?rest_route=\/wp\/v2\/posts\/134921\/revisions"}],"predecessor-version":[{"id":134928,"href":"https:\/\/www.edicionesfranz.com\/index.php?rest_route=\/wp\/v2\/posts\/134921\/revisions\/134928"}],"wp:featuredmedia":[{"embeddable":true,"href":"https:\/\/www.edicionesfranz.com\/index.php?rest_route=\/wp\/v2\/media\/134903"}],"wp:attachment":[{"href":"https:\/\/www.edicionesfranz.com\/index.php?rest_route=%2Fwp%2Fv2%2Fmedia&parent=134921"}],"wp:term":[{"taxonomy":"category","embeddable":true,"href":"https:\/\/www.edicionesfranz.com\/index.php?rest_route=%2Fwp%2Fv2%2Fcategories&post=134921"},{"taxonomy":"post_tag","embeddable":true,"href":"https:\/\/www.edicionesfranz.com\/index.php?rest_route=%2Fwp%2Fv2%2Ftags&post=134921"}],"curies":[{"name":"wp","href":"https:\/\/api.w.org\/{rel}","templated":true}]}}